{"id":732,"date":"2022-05-23T16:31:39","date_gmt":"2022-05-23T14:31:39","guid":{"rendered":"https:\/\/www.memorialeshoah.it\/webapp\/?p=732"},"modified":"2022-05-23T17:11:50","modified_gmt":"2022-05-23T15:11:50","slug":"intervista-a-goti-bauer","status":"publish","type":"post","link":"https:\/\/www.memorialeshoah.it\/webapp\/intervista-a-goti-bauer\/","title":{"rendered":"Intervista a Goti Bauer"},"content":{"rendered":"<p>Goti Bauer \u00e8 stata, in questi ultimi vent&#8217;anni, una delle pi\u00f9 attive e attendibili testimoni della Shoah. La sua instancabile attivit\u00e0, dedicata soprattutto agli studenti, l&#8217;ha portata a incontrarne decine di migliaia in tutta Italia. La sua storia \u00e8 stata raccolta in molteplici libri, interviste e pubblicazioni, ma la sua voce continua a essere lo strumento pi\u00f9 limpido e toccante con il quale sconfiggere l&#8217;indifferenza e la banalizzazione del Ricordo. La testimonianza di Goti Bauer \u00e8 stata raccolta sotto forma di intervista privata, che potete anche leggere <strong><a href=\"https:\/\/www.memorialeshoah.it\/goti-bauer\/\">qui<\/a><\/strong>.<\/p>\n","protected":false},"excerpt":{"rendered":"<p>L&#8217;intervista a Goti Bauer, in questi ultimi vent&#8217;anni, una delle pi\u00f9 attive e attendibili testimoni della Shoah<\/p>\n","protected":false},"author":1,"featured_media":753,"comment_status":"open","ping_status":"open","sticky":false,"template":"","format":"video","meta":[],"categories":[20],"tags":[],"yoast_head":"<!-- This site is optimized with the Yoast SEO plugin v18.9 - https:\/\/yoast.com\/wordpress\/plugins\/seo\/ -->\n<title>Intervista a Goti Bauer - Webapp | Memoriale della Shoah di Milano<\/title>\n<meta name=\"robots\" content=\"index, follow, max-snippet:-1, max-image-preview:large, max-video-preview:-1\" \/>\n<link rel=\"canonical\" href=\"https:\/\/www.memorialeshoah.it\/webapp\/intervista-a-goti-bauer\/\" \/>\n<meta property=\"og:locale\" content=\"it_IT\" \/>\n<meta property=\"og:type\" content=\"article\" \/>\n<meta property=\"og:title\" content=\"Intervista a Goti Bauer - Webapp | Memoriale della Shoah di Milano\" \/>\n<meta property=\"og:description\" content=\"L&#039;intervista a Goti Bauer, in questi ultimi vent&#039;anni, una delle pi\u00f9 attive e attendibili testimoni della Shoah\" \/>\n<meta property=\"og:url\" content=\"https:\/\/www.memorialeshoah.it\/webapp\/intervista-a-goti-bauer\/\" \/>\n<meta property=\"og:site_name\" content=\"Webapp | Memoriale della Shoah di Milano\" \/>\n<meta property=\"article:published_time\" content=\"2022-05-23T14:31:39+00:00\" \/>\n<meta property=\"article:modified_time\" content=\"2022-05-23T15:11:50+00:00\" \/>\n<meta property=\"og:image\" content=\"https:\/\/www.memorialeshoah.it\/webapp\/wp-content\/uploads\/2022\/05\/maxresdefault.jpg\" \/>\n\t<meta property=\"og:image:width\" content=\"1280\" \/>\n\t<meta property=\"og:image:height\" content=\"720\" \/>\n\t<meta property=\"og:image:type\" content=\"image\/jpeg\" \/>\n<meta name=\"twitter:card\" content=\"summary_large_image\" \/>\n<script type=\"application\/ld+json\" class=\"yoast-schema-graph\">{\"@context\":\"https:\/\/schema.org\",\"@graph\":[{\"@type\":\"Organization\",\"@id\":\"https:\/\/www.memorialeshoah.it\/webapp\/#organization\",\"name\":\"Memoriale della Shoah di Milano\",\"url\":\"https:\/\/www.memorialeshoah.it\/webapp\/\",\"sameAs\":[],\"logo\":{\"@type\":\"ImageObject\",\"inLanguage\":\"it-IT\",\"@id\":\"https:\/\/www.memorialeshoah.it\/webapp\/#\/schema\/logo\/image\/\",\"url\":\"https:\/\/www.memorialeshoah.it\/webapp\/wp-content\/uploads\/2022\/05\/ESE-memoriale-152.jpg\",\"contentUrl\":\"https:\/\/www.memorialeshoah.it\/webapp\/wp-content\/uploads\/2022\/05\/ESE-memoriale-152.jpg\",\"width\":152,\"height\":152,\"caption\":\"Memoriale della Shoah di Milano\"},\"image\":{\"@id\":\"https:\/\/www.memorialeshoah.it\/webapp\/#\/schema\/logo\/image\/\"}},{\"@type\":\"WebSite\",\"@id\":\"https:\/\/www.memorialeshoah.it\/webapp\/#website\",\"url\":\"https:\/\/www.memorialeshoah.it\/webapp\/\",\"name\":\"Webapp | Memoriale della Shoah di Milano\",\"description\":\"\",\"publisher\":{\"@id\":\"https:\/\/www.memorialeshoah.it\/webapp\/#organization\"},\"potentialAction\":[{\"@type\":\"SearchAction\",\"target\":{\"@type\":\"EntryPoint\",\"urlTemplate\":\"https:\/\/www.memorialeshoah.it\/webapp\/?s={search_term_string}\"},\"query-input\":\"required name=search_term_string\"}],\"inLanguage\":\"it-IT\"},{\"@type\":\"ImageObject\",\"inLanguage\":\"it-IT\",\"@id\":\"https:\/\/www.memorialeshoah.it\/webapp\/intervista-a-goti-bauer\/#primaryimage\",\"url\":\"https:\/\/www.memorialeshoah.it\/webapp\/wp-content\/uploads\/2022\/05\/maxresdefault.jpg\",\"contentUrl\":\"https:\/\/www.memorialeshoah.it\/webapp\/wp-content\/uploads\/2022\/05\/maxresdefault.jpg\",\"width\":1280,\"height\":720},{\"@type\":\"WebPage\",\"@id\":\"https:\/\/www.memorialeshoah.it\/webapp\/intervista-a-goti-bauer\/#webpage\",\"url\":\"https:\/\/www.memorialeshoah.it\/webapp\/intervista-a-goti-bauer\/\",\"name\":\"Intervista a Goti Bauer - Webapp | Memoriale della Shoah di Milano\",\"isPartOf\":{\"@id\":\"https:\/\/www.memorialeshoah.it\/webapp\/#website\"},\"primaryImageOfPage\":{\"@id\":\"https:\/\/www.memorialeshoah.it\/webapp\/intervista-a-goti-bauer\/#primaryimage\"},\"datePublished\":\"2022-05-23T14:31:39+00:00\",\"dateModified\":\"2022-05-23T15:11:50+00:00\",\"breadcrumb\":{\"@id\":\"https:\/\/www.memorialeshoah.it\/webapp\/intervista-a-goti-bauer\/#breadcrumb\"},\"inLanguage\":\"it-IT\",\"potentialAction\":[{\"@type\":\"ReadAction\",\"target\":[\"https:\/\/www.memorialeshoah.it\/webapp\/intervista-a-goti-bauer\/\"]}]},{\"@type\":\"BreadcrumbList\",\"@id\":\"https:\/\/www.memorialeshoah.it\/webapp\/intervista-a-goti-bauer\/#breadcrumb\",\"itemListElement\":[{\"@type\":\"ListItem\",\"position\":1,\"name\":\"Home\",\"item\":\"https:\/\/www.memorialeshoah.it\/webapp\/home\/\"},{\"@type\":\"ListItem\",\"position\":2,\"name\":\"Intervista a Goti Bauer\"}]},{\"@type\":\"Article\",\"@id\":\"https:\/\/www.memorialeshoah.it\/webapp\/intervista-a-goti-bauer\/#article\",\"isPartOf\":{\"@id\":\"https:\/\/www.memorialeshoah.it\/webapp\/intervista-a-goti-bauer\/#webpage\"},\"author\":{\"@id\":\"https:\/\/www.memorialeshoah.it\/webapp\/#\/schema\/person\/bf6524da22a067c67831e68f0ed60f57\"},\"headline\":\"Intervista a Goti Bauer\",\"datePublished\":\"2022-05-23T14:31:39+00:00\",\"dateModified\":\"2022-05-23T15:11:50+00:00\",\"mainEntityOfPage\":{\"@id\":\"https:\/\/www.memorialeshoah.it\/webapp\/intervista-a-goti-bauer\/#webpage\"},\"wordCount\":89,\"commentCount\":0,\"publisher\":{\"@id\":\"https:\/\/www.memorialeshoah.it\/webapp\/#organization\"},\"image\":{\"@id\":\"https:\/\/www.memorialeshoah.it\/webapp\/intervista-a-goti-bauer\/#primaryimage\"},\"thumbnailUrl\":\"https:\/\/www.memorialeshoah.it\/webapp\/wp-content\/uploads\/2022\/05\/maxresdefault.jpg\",\"articleSection\":[\"Multimedia\"],\"inLanguage\":\"it-IT\",\"potentialAction\":[{\"@type\":\"CommentAction\",\"name\":\"Comment\",\"target\":[\"https:\/\/www.memorialeshoah.it\/webapp\/intervista-a-goti-bauer\/#respond\"]}]},{\"@type\":\"Person\",\"@id\":\"https:\/\/www.memorialeshoah.it\/webapp\/#\/schema\/person\/bf6524da22a067c67831e68f0ed60f57\",\"name\":\"admShoah\",\"image\":{\"@type\":\"ImageObject\",\"inLanguage\":\"it-IT\",\"@id\":\"https:\/\/www.memorialeshoah.it\/webapp\/#\/schema\/person\/image\/\",\"url\":\"https:\/\/secure.gravatar.com\/avatar\/fbd516dcd7e6b55526cb2c0a295492ee?s=96&d=mm&r=g\",\"contentUrl\":\"https:\/\/secure.gravatar.com\/avatar\/fbd516dcd7e6b55526cb2c0a295492ee?s=96&d=mm&r=g\",\"caption\":\"admShoah\"},\"sameAs\":[\"https:\/\/www.memorialeshoah.it\/webapp\"],\"url\":\"https:\/\/www.memorialeshoah.it\/webapp\/author\/admshoah\/\"}]}<\/script>\n<!-- \/ Yoast SEO plugin. -->","yoast_head_json":{"title":"Intervista a Goti Bauer - Webapp | Memoriale della Shoah di Milano","robots":{"index":"index","follow":"follow","max-snippet":"max-snippet:-1","max-image-preview":"max-image-preview:large","max-video-preview":"max-video-preview:-1"},"canonical":"https:\/\/www.memorialeshoah.it\/webapp\/intervista-a-goti-bauer\/","og_locale":"it_IT","og_type":"article","og_title":"Intervista a Goti Bauer - Webapp | Memoriale della Shoah di Milano","og_description":"L'intervista a Goti Bauer, in questi ultimi vent'anni, una delle pi\u00f9 attive e attendibili testimoni della Shoah","og_url":"https:\/\/www.memorialeshoah.it\/webapp\/intervista-a-goti-bauer\/","og_site_name":"Webapp | Memoriale della Shoah di Milano","article_published_time":"2022-05-23T14:31:39+00:00","article_modified_time":"2022-05-23T15:11:50+00:00","og_image":[{"width":1280,"height":720,"url":"https:\/\/www.memorialeshoah.it\/webapp\/wp-content\/uploads\/2022\/05\/maxresdefault.jpg","type":"image\/jpeg"}],"twitter_card":"summary_large_image","schema":{"@context":"https:\/\/schema.org","@graph":[{"@type":"Organization","@id":"https:\/\/www.memorialeshoah.it\/webapp\/#organization","name":"Memoriale della Shoah di Milano","url":"https:\/\/www.memorialeshoah.it\/webapp\/","sameAs":[],"logo":{"@type":"ImageObject","inLanguage":"it-IT","@id":"https:\/\/www.memorialeshoah.it\/webapp\/#\/schema\/logo\/image\/","url":"https:\/\/www.memorialeshoah.it\/webapp\/wp-content\/uploads\/2022\/05\/ESE-memoriale-152.jpg","contentUrl":"https:\/\/www.memorialeshoah.it\/webapp\/wp-content\/uploads\/2022\/05\/ESE-memoriale-152.jpg","width":152,"height":152,"caption":"Memoriale della Shoah di Milano"},"image":{"@id":"https:\/\/www.memorialeshoah.it\/webapp\/#\/schema\/logo\/image\/"}},{"@type":"WebSite","@id":"https:\/\/www.memorialeshoah.it\/webapp\/#website","url":"https:\/\/www.memorialeshoah.it\/webapp\/","name":"Webapp | Memoriale della Shoah di Milano","description":"","publisher":{"@id":"https:\/\/www.memorialeshoah.it\/webapp\/#organization"},"potentialAction":[{"@type":"SearchAction","target":{"@type":"EntryPoint","urlTemplate":"https:\/\/www.memorialeshoah.it\/webapp\/?s={search_term_string}"},"query-input":"required name=search_term_string"}],"inLanguage":"it-IT"},{"@type":"ImageObject","inLanguage":"it-IT","@id":"https:\/\/www.memorialeshoah.it\/webapp\/intervista-a-goti-bauer\/#primaryimage","url":"https:\/\/www.memorialeshoah.it\/webapp\/wp-content\/uploads\/2022\/05\/maxresdefault.jpg","contentUrl":"https:\/\/www.memorialeshoah.it\/webapp\/wp-content\/uploads\/2022\/05\/maxresdefault.jpg","width":1280,"height":720},{"@type":"WebPage","@id":"https:\/\/www.memorialeshoah.it\/webapp\/intervista-a-goti-bauer\/#webpage","url":"https:\/\/www.memorialeshoah.it\/webapp\/intervista-a-goti-bauer\/","name":"Intervista a Goti Bauer - Webapp | Memoriale della Shoah di Milano","isPartOf":{"@id":"https:\/\/www.memorialeshoah.it\/webapp\/#website"},"primaryImageOfPage":{"@id":"https:\/\/www.memorialeshoah.it\/webapp\/intervista-a-goti-bauer\/#primaryimage"},"datePublished":"2022-05-23T14:31:39+00:00","dateModified":"2022-05-23T15:11:50+00:00","breadcrumb":{"@id":"https:\/\/www.memorialeshoah.it\/webapp\/intervista-a-goti-bauer\/#breadcrumb"},"inLanguage":"it-IT","potentialAction":[{"@type":"ReadAction","target":["https:\/\/www.memorialeshoah.it\/webapp\/intervista-a-goti-bauer\/"]}]},{"@type":"BreadcrumbList","@id":"https:\/\/www.memorialeshoah.it\/webapp\/intervista-a-goti-bauer\/#breadcrumb","itemListElement":[{"@type":"ListItem","position":1,"name":"Home","item":"https:\/\/www.memorialeshoah.it\/webapp\/home\/"},{"@type":"ListItem","position":2,"name":"Intervista a Goti Bauer"}]},{"@type":"Article","@id":"https:\/\/www.memorialeshoah.it\/webapp\/intervista-a-goti-bauer\/#article","isPartOf":{"@id":"https:\/\/www.memorialeshoah.it\/webapp\/intervista-a-goti-bauer\/#webpage"},"author":{"@id":"https:\/\/www.memorialeshoah.it\/webapp\/#\/schema\/person\/bf6524da22a067c67831e68f0ed60f57"},"headline":"Intervista a Goti Bauer","datePublished":"2022-05-23T14:31:39+00:00","dateModified":"2022-05-23T15:11:50+00:00","mainEntityOfPage":{"@id":"https:\/\/www.memorialeshoah.it\/webapp\/intervista-a-goti-bauer\/#webpage"},"wordCount":89,"commentCount":0,"publisher":{"@id":"https:\/\/www.memorialeshoah.it\/webapp\/#organization"},"image":{"@id":"https:\/\/www.memorialeshoah.it\/webapp\/intervista-a-goti-bauer\/#primaryimage"},"thumbnailUrl":"https:\/\/www.memorialeshoah.it\/webapp\/wp-content\/uploads\/2022\/05\/maxresdefault.jpg","articleSection":["Multimedia"],"inLanguage":"it-IT","potentialAction":[{"@type":"CommentAction","name":"Comment","target":["https:\/\/www.memorialeshoah.it\/webapp\/intervista-a-goti-bauer\/#respond"]}]},{"@type":"Person","@id":"https:\/\/www.memorialeshoah.it\/webapp\/#\/schema\/person\/bf6524da22a067c67831e68f0ed60f57","name":"admShoah","image":{"@type":"ImageObject","inLanguage":"it-IT","@id":"https:\/\/www.memorialeshoah.it\/webapp\/#\/schema\/person\/image\/","url":"https:\/\/secure.gravatar.com\/avatar\/fbd516dcd7e6b55526cb2c0a295492ee?s=96&d=mm&r=g","contentUrl":"https:\/\/secure.gravatar.com\/avatar\/fbd516dcd7e6b55526cb2c0a295492ee?s=96&d=mm&r=g","caption":"admShoah"},"sameAs":["https:\/\/www.memorialeshoah.it\/webapp"],"url":"https:\/\/www.memorialeshoah.it\/webapp\/author\/admshoah\/"}]}},"_links":{"self":[{"href":"https:\/\/www.memorialeshoah.it\/webapp\/wp-json\/wp\/v2\/posts\/732"}],"collection":[{"href":"https:\/\/www.memorialeshoah.it\/webapp\/wp-json\/wp\/v2\/posts"}],"about":[{"href":"https:\/\/www.memorialeshoah.it\/webapp\/wp-json\/wp\/v2\/types\/post"}],"author":[{"embeddable":true,"href":"https:\/\/www.memorialeshoah.it\/webapp\/wp-json\/wp\/v2\/users\/1"}],"replies":[{"embeddable":true,"href":"https:\/\/www.memorialeshoah.it\/webapp\/wp-json\/wp\/v2\/comments?post=732"}],"version-history":[{"count":5,"href":"https:\/\/www.memorialeshoah.it\/webapp\/wp-json\/wp\/v2\/posts\/732\/revisions"}],"predecessor-version":[{"id":763,"href":"https:\/\/www.memorialeshoah.it\/webapp\/wp-json\/wp\/v2\/posts\/732\/revisions\/763"}],"wp:featuredmedia":[{"embeddable":true,"href":"https:\/\/www.memorialeshoah.it\/webapp\/wp-json\/wp\/v2\/media\/753"}],"wp:attachment":[{"href":"https:\/\/www.memorialeshoah.it\/webapp\/wp-json\/wp\/v2\/media?parent=732"}],"wp:term":[{"taxonomy":"category","embeddable":true,"href":"https:\/\/www.memorialeshoah.it\/webapp\/wp-json\/wp\/v2\/categories?post=732"},{"taxonomy":"post_tag","embeddable":true,"href":"https:\/\/www.memorialeshoah.it\/webapp\/wp-json\/wp\/v2\/tags?post=732"}],"curies":[{"name":"wp","href":"https:\/\/api.w.org\/{rel}","templated":true}]}}