{"id":709,"date":"2022-05-23T16:35:49","date_gmt":"2022-05-23T14:35:49","guid":{"rendered":"https:\/\/www.memorialeshoah.it\/webapp\/?p=709"},"modified":"2022-05-23T18:16:21","modified_gmt":"2022-05-23T16:16:21","slug":"il-viaggio-testimonianza-di-liliana-segre","status":"publish","type":"post","link":"https:\/\/www.memorialeshoah.it\/webapp\/il-viaggio-testimonianza-di-liliana-segre\/","title":{"rendered":"Il viaggio, testimonianza di Liliana Segre"},"content":{"rendered":"<p>Negli ultimi giorni di gennaio il quinto raggio del carcere di San Vittore si era riempito di ebrei che arrivavano da tutta Italia; eravamo circa settecento. [\u2026]<\/p>\n<p>A un certo punto, credo nel pomeriggio, entr\u00f2 nel raggio un tedesco che lesse i nomi di quelli che sarebbero partiti il giorno dopo per ignota destinazione.<\/p>\n<p>Erano circa 600 nomi, non finiva pi\u00f9. [\u2026]<\/p>\n<p>Noi tutti ci preparammo a partire; ci furono distribuiti dei cestini\u00a0 di carta con sette porzioni di gallette, sette di mortadella,\u00a0sette di latte condensato. Perch\u00e9 sette?<\/p>\n<p>Perch\u00e9 sette? Come facevo a guardare mio Pap\u00e0? Come facevo\u00a0 a chiedergli la ragione di quello che ci stava accadendo?<\/p>\n<p>In quelle ultime ore a San Vittore tacevo; ma ogni tanto mi allontanavo da Lui, correvo come una pazza su su fino alle grandi celle comuni dell\u2019ultimo piano per vedere tutta quella gente sconosciuta che si preparava a partire, con gesti uguali. Era la deportazione annunciata, ne facevo parte anch\u2019io, la principessa del mio Pap\u00e0.<\/p>\n<p>La mattina dopo, il 30 gennaio 1944, una lunga fila silenziosa\u00a0e dolente usc\u00ec dal quinto raggio per arrivare al cortile del carcere. Attraversammo un altro raggio di detenuti comuni. Essi si sporgevano dai ballatoi e ci buttavano arance, mele, biscotti, ma, soprattutto, ci urlavano parole di incoraggiamento, di solidariet\u00e0\u00a0 e di benedizione! Furono straordinari; furono uomini che, vedendo altri uomini andare al macello solo per la colpa di essere nati da un grembo e non da un altro, ne avevano piet\u00e0.<\/p>\n<p>Fu l\u2019ultimo contatto con esseri umani. Poi caricati violentemente su camion, traversammo la citt\u00e0 deserta e, all\u2019incrocio di via Carducci, vidi la mia casa di corso Magenta 55 sfuggire alla mia vista dall\u2019angolo del telone: mai pi\u00f9. Mai pi\u00f9.<\/p>\n<p>Arrivati alla Stazione Centrale, la fila dei camion infil\u00f2 i sotterranei enormi passando dal sottopassaggio di via Ferrante Aporti; fummo sbarcati proprio davanti ai binari di manovra che sono ancora oggi nel ventre dell\u2019edificio.<\/p>\n<p>Il passaggio fu velocissimo.<\/p>\n<p>SS e repubblichini non persero tempo: in fretta, a calci, pugni\u00a0e bastonate, ci caricarono sui vagoni bestiame. Non appena\u00a0un vagone era pieno, veniva sprangato e portato con un elevatore alla banchina di partenza.<\/p>\n<p>Fino a quando le vetture furono agganciate, nessuno di noi si rese conto della realt\u00e0. Tutto si era svolto nel buio del sotterraneo\u00a0 della stazione, illuminato da fari potenti nei punti strategici;\u00a0fra grida, latrati, fischi e violenze terrorizzanti.<\/p>\n<p>Nel vagone era buio, c\u2019era un po\u2019 di paglia per terra e un secchio per i nostri bisogni. Il treno si mosse e sembr\u00f2 puntare verso sud. Andava molto piano, fermandosi per ore.<\/p>\n<p>Dalle grate vedevamo la campagna emiliana nelle brume dell\u2019inverno e stazioni deserte dai nomi familiari. Gli adulti dimostravano un certo sollievo visto che il treno non era diretto al confine, alla sera per\u00f2 ci fu un\u2019inversione di marcia e quella notte nessuno dorm\u00ec. Tutti piangevano, nessuno si rassegnava al fatto che stavamo andando al nord, verso l\u2019Austria; era un coro\u00a0di singhiozzi che copriva il rumore delle ruote.<\/p>\n<p>Dai vagoni piombati saliva un coro di urla, di richiami, di implorazioni: nessuno ascoltava. Il treno ripart\u00ec. Il vagone era fetido e freddo, odore di urina, visi grigi, gambe anchilosate;\u00a0 non avevamo spazio per muoverci. I pianti si acquietavano in una disperazione assoluta.<\/p>\n<p>Io non avevo n\u00e9 fame, n\u00e9 sete. Mi prese una specie di inedia allucinata come quando si ha la febbre alta; quando riuscivo a riflettere pensavo che forse, senza di me, Pap\u00e0 avrebbe potuto scappare da San Vittore, saltare quel muro come aveva proposto un altro internato, Peppino Levi, o forse no. Mi stringevo a Lui, che era distrutto, pallido, gli occhi cerchiati di rosso di chi non dorme da giorni. Mi esortava a mangiare qualcosa, aveva ancora per me una scaglia di cioccolato; la mettevo in bocca per fargli piacere, ma non riuscivo a inghiottire nulla.<\/p>\n<p>Nel centro del vagone si form\u00f2 un gruppo di preghiera: alcuni uomini pii, fra i quali ricordo il signor Silvera, si dondolarono a lungo recitando i Salmi; mi sembrava che non finissero mai: erano i pi\u00f9 fortunati. Le ore passavano, cos\u00ec le notti e i giorni, in un\u2019abulia totale: era difficile calcolare il tempo. Pochissimi avevano ancora un orologio e anche quei pochi privilegiati non lo guardavano pi\u00f9. Ogni tanto vedevo qualcuno alzarsi a fatica per cercare di capire dove fossimo, guardando dalle grate, schermate con stracci per riparare dal gelo quel carico umano. Si vedeva un paesaggio immerso nella neve, si vedevano casette civettuole, camini fumanti, campanili&#8230;<\/p>\n<p>Prima che cominciasse la Foresta Nera, il treno si ferm\u00f2 e qualcuno pot\u00e9 scendere tra le SS armate fino ai denti, per prendere un po\u2019 d\u2019acqua e vuotare il secchio immondo. Anch\u2019io e il mio Pap\u00e0 scendemmo e vedemmo per la prima volta, scritto con il gesso sul vagone: \u201cAuschwitz bei Katowice\u201d. Capimmo che quella era la nostra meta. Il treno ripart\u00ec quasi subito e la notizia della nostra destinazione gett\u00f2 tutti in una muta disperazione. Fu silenzio in quel vagone in quegli ultimi giorni. Nessuno pi\u00f9 piangeva, n\u00e9 si lamentava. Ognuno taceva con la dignit\u00e0 e la consapevolezza degli ultimi momenti. Eravamo alla vigilia della morte per la maggior parte di noi. Non c\u2019era pi\u00f9 niente da dire. Ci stringevamo ai nostri cari e trasmettevamo\u00a0il nostro amore come un ultimo saluto. Era il silenzio essenziale dei momenti decisivi della vita di ognuno.<\/p>\n<p>Poi, poi, all\u2019arrivo fu Auschwitz e il rumore assordante\u00a0e osceno degli assassini intorno a noi.<\/p>\n","protected":false},"excerpt":{"rendered":"<p>Il viaggio dal carcere di San Vittore ad Auschwitz, la testimonianza di Liliana Segre<\/p>\n","protected":false},"author":1,"featured_media":803,"comment_status":"open","ping_status":"open","sticky":false,"template":"","format":"standard","meta":[],"categories":[20],"tags":[],"yoast_head":"<!-- This site is optimized with the Yoast SEO plugin v18.9 - https:\/\/yoast.com\/wordpress\/plugins\/seo\/ -->\n<title>Il viaggio, testimonianza di Liliana Segre - Webapp | Memoriale della Shoah di Milano<\/title>\n<meta name=\"robots\" content=\"index, follow, max-snippet:-1, max-image-preview:large, max-video-preview:-1\" \/>\n<link rel=\"canonical\" href=\"https:\/\/www.memorialeshoah.it\/webapp\/il-viaggio-testimonianza-di-liliana-segre\/\" \/>\n<meta property=\"og:locale\" content=\"it_IT\" \/>\n<meta property=\"og:type\" content=\"article\" \/>\n<meta property=\"og:title\" content=\"Il viaggio, testimonianza di Liliana Segre - Webapp | Memoriale della Shoah di Milano\" \/>\n<meta property=\"og:description\" content=\"Il viaggio dal carcere di San Vittore ad Auschwitz, la testimonianza di Liliana Segre\" \/>\n<meta property=\"og:url\" content=\"https:\/\/www.memorialeshoah.it\/webapp\/il-viaggio-testimonianza-di-liliana-segre\/\" \/>\n<meta property=\"og:site_name\" content=\"Webapp | Memoriale della Shoah di Milano\" \/>\n<meta property=\"article:published_time\" content=\"2022-05-23T14:35:49+00:00\" \/>\n<meta property=\"article:modified_time\" content=\"2022-05-23T16:16:21+00:00\" \/>\n<meta property=\"og:image\" content=\"https:\/\/www.memorialeshoah.it\/webapp\/wp-content\/uploads\/2022\/05\/800px-Selection_on_the_ramp_at_Auschwitz-Birkenau_1944_Auschwitz_Album_1b.jpg\" \/>\n\t<meta property=\"og:image:width\" content=\"800\" \/>\n\t<meta property=\"og:image:height\" content=\"570\" \/>\n\t<meta property=\"og:image:type\" content=\"image\/jpeg\" \/>\n<meta name=\"twitter:card\" content=\"summary_large_image\" \/>\n<script type=\"application\/ld+json\" class=\"yoast-schema-graph\">{\"@context\":\"https:\/\/schema.org\",\"@graph\":[{\"@type\":\"Organization\",\"@id\":\"https:\/\/www.memorialeshoah.it\/webapp\/#organization\",\"name\":\"Memoriale della Shoah di Milano\",\"url\":\"https:\/\/www.memorialeshoah.it\/webapp\/\",\"sameAs\":[],\"logo\":{\"@type\":\"ImageObject\",\"inLanguage\":\"it-IT\",\"@id\":\"https:\/\/www.memorialeshoah.it\/webapp\/#\/schema\/logo\/image\/\",\"url\":\"https:\/\/www.memorialeshoah.it\/webapp\/wp-content\/uploads\/2022\/05\/ESE-memoriale-152.jpg\",\"contentUrl\":\"https:\/\/www.memorialeshoah.it\/webapp\/wp-content\/uploads\/2022\/05\/ESE-memoriale-152.jpg\",\"width\":152,\"height\":152,\"caption\":\"Memoriale della Shoah di Milano\"},\"image\":{\"@id\":\"https:\/\/www.memorialeshoah.it\/webapp\/#\/schema\/logo\/image\/\"}},{\"@type\":\"WebSite\",\"@id\":\"https:\/\/www.memorialeshoah.it\/webapp\/#website\",\"url\":\"https:\/\/www.memorialeshoah.it\/webapp\/\",\"name\":\"Webapp | Memoriale della Shoah di Milano\",\"description\":\"\",\"publisher\":{\"@id\":\"https:\/\/www.memorialeshoah.it\/webapp\/#organization\"},\"potentialAction\":[{\"@type\":\"SearchAction\",\"target\":{\"@type\":\"EntryPoint\",\"urlTemplate\":\"https:\/\/www.memorialeshoah.it\/webapp\/?s={search_term_string}\"},\"query-input\":\"required name=search_term_string\"}],\"inLanguage\":\"it-IT\"},{\"@type\":\"ImageObject\",\"inLanguage\":\"it-IT\",\"@id\":\"https:\/\/www.memorialeshoah.it\/webapp\/il-viaggio-testimonianza-di-liliana-segre\/#primaryimage\",\"url\":\"https:\/\/www.memorialeshoah.it\/webapp\/wp-content\/uploads\/2022\/05\/800px-Selection_on_the_ramp_at_Auschwitz-Birkenau_1944_Auschwitz_Album_1b.jpg\",\"contentUrl\":\"https:\/\/www.memorialeshoah.it\/webapp\/wp-content\/uploads\/2022\/05\/800px-Selection_on_the_ramp_at_Auschwitz-Birkenau_1944_Auschwitz_Album_1b.jpg\",\"width\":800,\"height\":570},{\"@type\":\"WebPage\",\"@id\":\"https:\/\/www.memorialeshoah.it\/webapp\/il-viaggio-testimonianza-di-liliana-segre\/#webpage\",\"url\":\"https:\/\/www.memorialeshoah.it\/webapp\/il-viaggio-testimonianza-di-liliana-segre\/\",\"name\":\"Il viaggio, testimonianza di Liliana Segre - Webapp | Memoriale della Shoah di Milano\",\"isPartOf\":{\"@id\":\"https:\/\/www.memorialeshoah.it\/webapp\/#website\"},\"primaryImageOfPage\":{\"@id\":\"https:\/\/www.memorialeshoah.it\/webapp\/il-viaggio-testimonianza-di-liliana-segre\/#primaryimage\"},\"datePublished\":\"2022-05-23T14:35:49+00:00\",\"dateModified\":\"2022-05-23T16:16:21+00:00\",\"breadcrumb\":{\"@id\":\"https:\/\/www.memorialeshoah.it\/webapp\/il-viaggio-testimonianza-di-liliana-segre\/#breadcrumb\"},\"inLanguage\":\"it-IT\",\"potentialAction\":[{\"@type\":\"ReadAction\",\"target\":[\"https:\/\/www.memorialeshoah.it\/webapp\/il-viaggio-testimonianza-di-liliana-segre\/\"]}]},{\"@type\":\"BreadcrumbList\",\"@id\":\"https:\/\/www.memorialeshoah.it\/webapp\/il-viaggio-testimonianza-di-liliana-segre\/#breadcrumb\",\"itemListElement\":[{\"@type\":\"ListItem\",\"position\":1,\"name\":\"Home\",\"item\":\"https:\/\/www.memorialeshoah.it\/webapp\/home\/\"},{\"@type\":\"ListItem\",\"position\":2,\"name\":\"Il viaggio, testimonianza di Liliana Segre\"}]},{\"@type\":\"Article\",\"@id\":\"https:\/\/www.memorialeshoah.it\/webapp\/il-viaggio-testimonianza-di-liliana-segre\/#article\",\"isPartOf\":{\"@id\":\"https:\/\/www.memorialeshoah.it\/webapp\/il-viaggio-testimonianza-di-liliana-segre\/#webpage\"},\"author\":{\"@id\":\"https:\/\/www.memorialeshoah.it\/webapp\/#\/schema\/person\/bf6524da22a067c67831e68f0ed60f57\"},\"headline\":\"Il viaggio, testimonianza di Liliana Segre\",\"datePublished\":\"2022-05-23T14:35:49+00:00\",\"dateModified\":\"2022-05-23T16:16:21+00:00\",\"mainEntityOfPage\":{\"@id\":\"https:\/\/www.memorialeshoah.it\/webapp\/il-viaggio-testimonianza-di-liliana-segre\/#webpage\"},\"wordCount\":921,\"commentCount\":0,\"publisher\":{\"@id\":\"https:\/\/www.memorialeshoah.it\/webapp\/#organization\"},\"image\":{\"@id\":\"https:\/\/www.memorialeshoah.it\/webapp\/il-viaggio-testimonianza-di-liliana-segre\/#primaryimage\"},\"thumbnailUrl\":\"https:\/\/www.memorialeshoah.it\/webapp\/wp-content\/uploads\/2022\/05\/800px-Selection_on_the_ramp_at_Auschwitz-Birkenau_1944_Auschwitz_Album_1b.jpg\",\"articleSection\":[\"Multimedia\"],\"inLanguage\":\"it-IT\",\"potentialAction\":[{\"@type\":\"CommentAction\",\"name\":\"Comment\",\"target\":[\"https:\/\/www.memorialeshoah.it\/webapp\/il-viaggio-testimonianza-di-liliana-segre\/#respond\"]}]},{\"@type\":\"Person\",\"@id\":\"https:\/\/www.memorialeshoah.it\/webapp\/#\/schema\/person\/bf6524da22a067c67831e68f0ed60f57\",\"name\":\"admShoah\",\"image\":{\"@type\":\"ImageObject\",\"inLanguage\":\"it-IT\",\"@id\":\"https:\/\/www.memorialeshoah.it\/webapp\/#\/schema\/person\/image\/\",\"url\":\"https:\/\/secure.gravatar.com\/avatar\/fbd516dcd7e6b55526cb2c0a295492ee?s=96&d=mm&r=g\",\"contentUrl\":\"https:\/\/secure.gravatar.com\/avatar\/fbd516dcd7e6b55526cb2c0a295492ee?s=96&d=mm&r=g\",\"caption\":\"admShoah\"},\"sameAs\":[\"https:\/\/www.memorialeshoah.it\/webapp\"],\"url\":\"https:\/\/www.memorialeshoah.it\/webapp\/author\/admshoah\/\"}]}<\/script>\n<!-- \/ Yoast SEO plugin. -->","yoast_head_json":{"title":"Il viaggio, testimonianza di Liliana Segre - Webapp | Memoriale della Shoah di Milano","robots":{"index":"index","follow":"follow","max-snippet":"max-snippet:-1","max-image-preview":"max-image-preview:large","max-video-preview":"max-video-preview:-1"},"canonical":"https:\/\/www.memorialeshoah.it\/webapp\/il-viaggio-testimonianza-di-liliana-segre\/","og_locale":"it_IT","og_type":"article","og_title":"Il viaggio, testimonianza di Liliana Segre - Webapp | Memoriale della Shoah di Milano","og_description":"Il viaggio dal carcere di San Vittore ad Auschwitz, la testimonianza di Liliana Segre","og_url":"https:\/\/www.memorialeshoah.it\/webapp\/il-viaggio-testimonianza-di-liliana-segre\/","og_site_name":"Webapp | Memoriale della Shoah di Milano","article_published_time":"2022-05-23T14:35:49+00:00","article_modified_time":"2022-05-23T16:16:21+00:00","og_image":[{"width":800,"height":570,"url":"https:\/\/www.memorialeshoah.it\/webapp\/wp-content\/uploads\/2022\/05\/800px-Selection_on_the_ramp_at_Auschwitz-Birkenau_1944_Auschwitz_Album_1b.jpg","type":"image\/jpeg"}],"twitter_card":"summary_large_image","schema":{"@context":"https:\/\/schema.org","@graph":[{"@type":"Organization","@id":"https:\/\/www.memorialeshoah.it\/webapp\/#organization","name":"Memoriale della Shoah di Milano","url":"https:\/\/www.memorialeshoah.it\/webapp\/","sameAs":[],"logo":{"@type":"ImageObject","inLanguage":"it-IT","@id":"https:\/\/www.memorialeshoah.it\/webapp\/#\/schema\/logo\/image\/","url":"https:\/\/www.memorialeshoah.it\/webapp\/wp-content\/uploads\/2022\/05\/ESE-memoriale-152.jpg","contentUrl":"https:\/\/www.memorialeshoah.it\/webapp\/wp-content\/uploads\/2022\/05\/ESE-memoriale-152.jpg","width":152,"height":152,"caption":"Memoriale della Shoah di Milano"},"image":{"@id":"https:\/\/www.memorialeshoah.it\/webapp\/#\/schema\/logo\/image\/"}},{"@type":"WebSite","@id":"https:\/\/www.memorialeshoah.it\/webapp\/#website","url":"https:\/\/www.memorialeshoah.it\/webapp\/","name":"Webapp | Memoriale della Shoah di Milano","description":"","publisher":{"@id":"https:\/\/www.memorialeshoah.it\/webapp\/#organization"},"potentialAction":[{"@type":"SearchAction","target":{"@type":"EntryPoint","urlTemplate":"https:\/\/www.memorialeshoah.it\/webapp\/?s={search_term_string}"},"query-input":"required name=search_term_string"}],"inLanguage":"it-IT"},{"@type":"ImageObject","inLanguage":"it-IT","@id":"https:\/\/www.memorialeshoah.it\/webapp\/il-viaggio-testimonianza-di-liliana-segre\/#primaryimage","url":"https:\/\/www.memorialeshoah.it\/webapp\/wp-content\/uploads\/2022\/05\/800px-Selection_on_the_ramp_at_Auschwitz-Birkenau_1944_Auschwitz_Album_1b.jpg","contentUrl":"https:\/\/www.memorialeshoah.it\/webapp\/wp-content\/uploads\/2022\/05\/800px-Selection_on_the_ramp_at_Auschwitz-Birkenau_1944_Auschwitz_Album_1b.jpg","width":800,"height":570},{"@type":"WebPage","@id":"https:\/\/www.memorialeshoah.it\/webapp\/il-viaggio-testimonianza-di-liliana-segre\/#webpage","url":"https:\/\/www.memorialeshoah.it\/webapp\/il-viaggio-testimonianza-di-liliana-segre\/","name":"Il viaggio, testimonianza di Liliana Segre - Webapp | Memoriale della Shoah di Milano","isPartOf":{"@id":"https:\/\/www.memorialeshoah.it\/webapp\/#website"},"primaryImageOfPage":{"@id":"https:\/\/www.memorialeshoah.it\/webapp\/il-viaggio-testimonianza-di-liliana-segre\/#primaryimage"},"datePublished":"2022-05-23T14:35:49+00:00","dateModified":"2022-05-23T16:16:21+00:00","breadcrumb":{"@id":"https:\/\/www.memorialeshoah.it\/webapp\/il-viaggio-testimonianza-di-liliana-segre\/#breadcrumb"},"inLanguage":"it-IT","potentialAction":[{"@type":"ReadAction","target":["https:\/\/www.memorialeshoah.it\/webapp\/il-viaggio-testimonianza-di-liliana-segre\/"]}]},{"@type":"BreadcrumbList","@id":"https:\/\/www.memorialeshoah.it\/webapp\/il-viaggio-testimonianza-di-liliana-segre\/#breadcrumb","itemListElement":[{"@type":"ListItem","position":1,"name":"Home","item":"https:\/\/www.memorialeshoah.it\/webapp\/home\/"},{"@type":"ListItem","position":2,"name":"Il viaggio, testimonianza di Liliana Segre"}]},{"@type":"Article","@id":"https:\/\/www.memorialeshoah.it\/webapp\/il-viaggio-testimonianza-di-liliana-segre\/#article","isPartOf":{"@id":"https:\/\/www.memorialeshoah.it\/webapp\/il-viaggio-testimonianza-di-liliana-segre\/#webpage"},"author":{"@id":"https:\/\/www.memorialeshoah.it\/webapp\/#\/schema\/person\/bf6524da22a067c67831e68f0ed60f57"},"headline":"Il viaggio, testimonianza di Liliana Segre","datePublished":"2022-05-23T14:35:49+00:00","dateModified":"2022-05-23T16:16:21+00:00","mainEntityOfPage":{"@id":"https:\/\/www.memorialeshoah.it\/webapp\/il-viaggio-testimonianza-di-liliana-segre\/#webpage"},"wordCount":921,"commentCount":0,"publisher":{"@id":"https:\/\/www.memorialeshoah.it\/webapp\/#organization"},"image":{"@id":"https:\/\/www.memorialeshoah.it\/webapp\/il-viaggio-testimonianza-di-liliana-segre\/#primaryimage"},"thumbnailUrl":"https:\/\/www.memorialeshoah.it\/webapp\/wp-content\/uploads\/2022\/05\/800px-Selection_on_the_ramp_at_Auschwitz-Birkenau_1944_Auschwitz_Album_1b.jpg","articleSection":["Multimedia"],"inLanguage":"it-IT","potentialAction":[{"@type":"CommentAction","name":"Comment","target":["https:\/\/www.memorialeshoah.it\/webapp\/il-viaggio-testimonianza-di-liliana-segre\/#respond"]}]},{"@type":"Person","@id":"https:\/\/www.memorialeshoah.it\/webapp\/#\/schema\/person\/bf6524da22a067c67831e68f0ed60f57","name":"admShoah","image":{"@type":"ImageObject","inLanguage":"it-IT","@id":"https:\/\/www.memorialeshoah.it\/webapp\/#\/schema\/person\/image\/","url":"https:\/\/secure.gravatar.com\/avatar\/fbd516dcd7e6b55526cb2c0a295492ee?s=96&d=mm&r=g","contentUrl":"https:\/\/secure.gravatar.com\/avatar\/fbd516dcd7e6b55526cb2c0a295492ee?s=96&d=mm&r=g","caption":"admShoah"},"sameAs":["https:\/\/www.memorialeshoah.it\/webapp"],"url":"https:\/\/www.memorialeshoah.it\/webapp\/author\/admshoah\/"}]}},"_links":{"self":[{"href":"https:\/\/www.memorialeshoah.it\/webapp\/wp-json\/wp\/v2\/posts\/709"}],"collection":[{"href":"https:\/\/www.memorialeshoah.it\/webapp\/wp-json\/wp\/v2\/posts"}],"about":[{"href":"https:\/\/www.memorialeshoah.it\/webapp\/wp-json\/wp\/v2\/types\/post"}],"author":[{"embeddable":true,"href":"https:\/\/www.memorialeshoah.it\/webapp\/wp-json\/wp\/v2\/users\/1"}],"replies":[{"embeddable":true,"href":"https:\/\/www.memorialeshoah.it\/webapp\/wp-json\/wp\/v2\/comments?post=709"}],"version-history":[{"count":4,"href":"https:\/\/www.memorialeshoah.it\/webapp\/wp-json\/wp\/v2\/posts\/709\/revisions"}],"predecessor-version":[{"id":725,"href":"https:\/\/www.memorialeshoah.it\/webapp\/wp-json\/wp\/v2\/posts\/709\/revisions\/725"}],"wp:featuredmedia":[{"embeddable":true,"href":"https:\/\/www.memorialeshoah.it\/webapp\/wp-json\/wp\/v2\/media\/803"}],"wp:attachment":[{"href":"https:\/\/www.memorialeshoah.it\/webapp\/wp-json\/wp\/v2\/media?parent=709"}],"wp:term":[{"taxonomy":"category","embeddable":true,"href":"https:\/\/www.memorialeshoah.it\/webapp\/wp-json\/wp\/v2\/categories?post=709"},{"taxonomy":"post_tag","embeddable":true,"href":"https:\/\/www.memorialeshoah.it\/webapp\/wp-json\/wp\/v2\/tags?post=709"}],"curies":[{"name":"wp","href":"https:\/\/api.w.org\/{rel}","templated":true}]}}