{"id":1218,"date":"2023-04-25T12:22:54","date_gmt":"2023-04-25T10:22:54","guid":{"rendered":"https:\/\/www.memorialeshoah.it\/webapp\/?p=1218"},"modified":"2023-04-25T12:22:54","modified_gmt":"2023-04-25T10:22:54","slug":"itala-lattes","status":"publish","type":"post","link":"https:\/\/www.memorialeshoah.it\/webapp\/es\/itala-lattes\/","title":{"rendered":"Itala Lattes"},"content":{"rendered":"<p><strong>Itala Lattes<\/strong> nace en Turin el 1 de febrero de 1886 de Israele y Sara Colombo; vive en la capital de Piamonte con sus padres y sus hermanos Edvige y Leone, en calle Passalacqua 6.<br \/>\nComo todas las familias jud\u00edas italianas, tambi\u00e9n los Lattes se ven obligados, a partir de 1938, a lidiar con discriminaciones y limitaciones que empeoran a partir del 8 de septiembre de 1943. Es el 17 de octubre de 1943 cuando detienen al hermano Leone por motivos raciales. Las hermanas Itala y Edvige le van a visitar a la \u201cCarceri Nuove\u201d, subestimando el peligro de aquel gesto: enseguida las autoridades las detienen tras haberlas reconocido como jud\u00edas: a Itala la transfieren a la c\u00e1rcel de Mil\u00e1n y, el 6 de diciembre de 1943, la deportan a Auschwitz en el primero de los veinte trenes de la muerte que salieron de la Estaci\u00f3n Central de Mil\u00e1n. Al llegar al campo, Itala no supera la selecci\u00f3n inicial por lo que la matan ese mismo d\u00eda junto a su hermana.<\/p>\n","protected":false},"excerpt":{"rendered":"<p>Itala Lattes nace en Turin el 1 de febrero de 1886 de Israele y Sara Colombo; vive en la capital de Piamonte con sus padres y sus hermanos Edvige y Leone, en calle Passalacqua 6. Como todas las familias jud\u00edas italianas, tambi\u00e9n los Lattes se ven obligados, a partir de 1938, a lidiar con discriminaciones [&hellip;]<\/p>\n","protected":false},"author":1,"featured_media":1092,"comment_status":"closed","ping_status":"closed","sticky":false,"template":"","format":"audio","meta":[],"categories":[24],"tags":[],"yoast_head":"<!-- This site is optimized with the Yoast SEO plugin v18.9 - https:\/\/yoast.com\/wordpress\/plugins\/seo\/ -->\n<title>Itala Lattes - Webapp | Memoriale della Shoah di Milano<\/title>\n<meta name=\"robots\" content=\"index, follow, max-snippet:-1, max-image-preview:large, max-video-preview:-1\" \/>\n<link rel=\"canonical\" href=\"https:\/\/www.memorialeshoah.it\/webapp\/itala-lattes\/\" \/>\n<meta property=\"og:locale\" content=\"it_IT\" \/>\n<meta property=\"og:type\" content=\"article\" \/>\n<meta property=\"og:title\" content=\"Itala Lattes - Webapp | Memoriale della Shoah di Milano\" \/>\n<meta property=\"og:description\" content=\"Itala Lattes nace en Turin el 1 de febrero de 1886 de Israele y Sara Colombo; vive en la capital de Piamonte con sus padres y sus hermanos Edvige y Leone, en calle Passalacqua 6. Como todas las familias jud\u00edas italianas, tambi\u00e9n los Lattes se ven obligados, a partir de 1938, a lidiar con discriminaciones [&hellip;]\" \/>\n<meta property=\"og:url\" content=\"https:\/\/www.memorialeshoah.it\/webapp\/es\/itala-lattes\/\" \/>\n<meta property=\"og:site_name\" content=\"Webapp | Memoriale della Shoah di Milano\" \/>\n<meta property=\"article:published_time\" content=\"2023-04-25T10:22:54+00:00\" \/>\n<meta property=\"og:image\" content=\"https:\/\/www.memorialeshoah.it\/webapp\/wp-content\/uploads\/2023\/03\/storie2.jpg\" \/>\n\t<meta property=\"og:image:width\" content=\"353\" \/>\n\t<meta property=\"og:image:height\" content=\"246\" \/>\n\t<meta property=\"og:image:type\" content=\"image\/jpeg\" \/>\n<meta name=\"twitter:card\" content=\"summary_large_image\" \/>\n<script type=\"application\/ld+json\" class=\"yoast-schema-graph\">{\"@context\":\"https:\/\/schema.org\",\"@graph\":[{\"@type\":\"Organization\",\"@id\":\"https:\/\/www.memorialeshoah.it\/webapp\/#organization\",\"name\":\"Memoriale della Shoah di Milano\",\"url\":\"https:\/\/www.memorialeshoah.it\/webapp\/\",\"sameAs\":[],\"logo\":{\"@type\":\"ImageObject\",\"inLanguage\":\"it-IT\",\"@id\":\"https:\/\/www.memorialeshoah.it\/webapp\/#\/schema\/logo\/image\/\",\"url\":\"https:\/\/www.memorialeshoah.it\/webapp\/wp-content\/uploads\/2022\/05\/ESE-memoriale-152.jpg\",\"contentUrl\":\"https:\/\/www.memorialeshoah.it\/webapp\/wp-content\/uploads\/2022\/05\/ESE-memoriale-152.jpg\",\"width\":152,\"height\":152,\"caption\":\"Memoriale della Shoah di Milano\"},\"image\":{\"@id\":\"https:\/\/www.memorialeshoah.it\/webapp\/#\/schema\/logo\/image\/\"}},{\"@type\":\"WebSite\",\"@id\":\"https:\/\/www.memorialeshoah.it\/webapp\/#website\",\"url\":\"https:\/\/www.memorialeshoah.it\/webapp\/\",\"name\":\"Webapp | Memoriale della Shoah di Milano\",\"description\":\"\",\"publisher\":{\"@id\":\"https:\/\/www.memorialeshoah.it\/webapp\/#organization\"},\"potentialAction\":[{\"@type\":\"SearchAction\",\"target\":{\"@type\":\"EntryPoint\",\"urlTemplate\":\"https:\/\/www.memorialeshoah.it\/webapp\/?s={search_term_string}\"},\"query-input\":\"required name=search_term_string\"}],\"inLanguage\":\"it-IT\"},{\"@type\":\"ImageObject\",\"inLanguage\":\"it-IT\",\"@id\":\"https:\/\/www.memorialeshoah.it\/webapp\/es\/itala-lattes\/#primaryimage\",\"url\":\"https:\/\/www.memorialeshoah.it\/webapp\/wp-content\/uploads\/2023\/03\/storie2.jpg\",\"contentUrl\":\"https:\/\/www.memorialeshoah.it\/webapp\/wp-content\/uploads\/2023\/03\/storie2.jpg\",\"width\":353,\"height\":246},{\"@type\":\"WebPage\",\"@id\":\"https:\/\/www.memorialeshoah.it\/webapp\/es\/itala-lattes\/#webpage\",\"url\":\"https:\/\/www.memorialeshoah.it\/webapp\/es\/itala-lattes\/\",\"name\":\"Itala Lattes - Webapp | Memoriale della Shoah di Milano\",\"isPartOf\":{\"@id\":\"https:\/\/www.memorialeshoah.it\/webapp\/#website\"},\"primaryImageOfPage\":{\"@id\":\"https:\/\/www.memorialeshoah.it\/webapp\/es\/itala-lattes\/#primaryimage\"},\"datePublished\":\"2023-04-25T10:22:54+00:00\",\"dateModified\":\"2023-04-25T10:22:54+00:00\",\"breadcrumb\":{\"@id\":\"https:\/\/www.memorialeshoah.it\/webapp\/es\/itala-lattes\/#breadcrumb\"},\"inLanguage\":\"it-IT\",\"potentialAction\":[{\"@type\":\"ReadAction\",\"target\":[\"https:\/\/www.memorialeshoah.it\/webapp\/es\/itala-lattes\/\"]}]},{\"@type\":\"BreadcrumbList\",\"@id\":\"https:\/\/www.memorialeshoah.it\/webapp\/es\/itala-lattes\/#breadcrumb\",\"itemListElement\":[{\"@type\":\"ListItem\",\"position\":1,\"name\":\"Home\",\"item\":\"https:\/\/www.memorialeshoah.it\/webapp\/home\/\"},{\"@type\":\"ListItem\",\"position\":2,\"name\":\"Itala Lattes\"}]},{\"@type\":\"Article\",\"@id\":\"https:\/\/www.memorialeshoah.it\/webapp\/es\/itala-lattes\/#article\",\"isPartOf\":{\"@id\":\"https:\/\/www.memorialeshoah.it\/webapp\/es\/itala-lattes\/#webpage\"},\"author\":{\"@id\":\"https:\/\/www.memorialeshoah.it\/webapp\/#\/schema\/person\/bf6524da22a067c67831e68f0ed60f57\"},\"headline\":\"Itala Lattes\",\"datePublished\":\"2023-04-25T10:22:54+00:00\",\"dateModified\":\"2023-04-25T10:22:54+00:00\",\"mainEntityOfPage\":{\"@id\":\"https:\/\/www.memorialeshoah.it\/webapp\/es\/itala-lattes\/#webpage\"},\"wordCount\":172,\"publisher\":{\"@id\":\"https:\/\/www.memorialeshoah.it\/webapp\/#organization\"},\"image\":{\"@id\":\"https:\/\/www.memorialeshoah.it\/webapp\/es\/itala-lattes\/#primaryimage\"},\"thumbnailUrl\":\"https:\/\/www.memorialeshoah.it\/webapp\/wp-content\/uploads\/2023\/03\/storie2.jpg\",\"articleSection\":[\"Storie audio\"],\"inLanguage\":\"it-IT\"},{\"@type\":\"Person\",\"@id\":\"https:\/\/www.memorialeshoah.it\/webapp\/#\/schema\/person\/bf6524da22a067c67831e68f0ed60f57\",\"name\":\"admShoah\",\"image\":{\"@type\":\"ImageObject\",\"inLanguage\":\"it-IT\",\"@id\":\"https:\/\/www.memorialeshoah.it\/webapp\/#\/schema\/person\/image\/\",\"url\":\"https:\/\/secure.gravatar.com\/avatar\/fbd516dcd7e6b55526cb2c0a295492ee?s=96&d=mm&r=g\",\"contentUrl\":\"https:\/\/secure.gravatar.com\/avatar\/fbd516dcd7e6b55526cb2c0a295492ee?s=96&d=mm&r=g\",\"caption\":\"admShoah\"},\"sameAs\":[\"https:\/\/www.memorialeshoah.it\/webapp\"],\"url\":\"https:\/\/www.memorialeshoah.it\/webapp\/author\/admshoah\/\"}]}<\/script>\n<!-- \/ Yoast SEO plugin. -->","yoast_head_json":{"title":"Itala Lattes - Webapp | Memoriale della Shoah di Milano","robots":{"index":"index","follow":"follow","max-snippet":"max-snippet:-1","max-image-preview":"max-image-preview:large","max-video-preview":"max-video-preview:-1"},"canonical":"https:\/\/www.memorialeshoah.it\/webapp\/itala-lattes\/","og_locale":"it_IT","og_type":"article","og_title":"Itala Lattes - Webapp | Memoriale della Shoah di Milano","og_description":"Itala Lattes nace en Turin el 1 de febrero de 1886 de Israele y Sara Colombo; vive en la capital de Piamonte con sus padres y sus hermanos Edvige y Leone, en calle Passalacqua 6. Como todas las familias jud\u00edas italianas, tambi\u00e9n los Lattes se ven obligados, a partir de 1938, a lidiar con discriminaciones [&hellip;]","og_url":"https:\/\/www.memorialeshoah.it\/webapp\/es\/itala-lattes\/","og_site_name":"Webapp | Memoriale della Shoah di Milano","article_published_time":"2023-04-25T10:22:54+00:00","og_image":[{"width":353,"height":246,"url":"https:\/\/www.memorialeshoah.it\/webapp\/wp-content\/uploads\/2023\/03\/storie2.jpg","type":"image\/jpeg"}],"twitter_card":"summary_large_image","schema":{"@context":"https:\/\/schema.org","@graph":[{"@type":"Organization","@id":"https:\/\/www.memorialeshoah.it\/webapp\/#organization","name":"Memoriale della Shoah di Milano","url":"https:\/\/www.memorialeshoah.it\/webapp\/","sameAs":[],"logo":{"@type":"ImageObject","inLanguage":"it-IT","@id":"https:\/\/www.memorialeshoah.it\/webapp\/#\/schema\/logo\/image\/","url":"https:\/\/www.memorialeshoah.it\/webapp\/wp-content\/uploads\/2022\/05\/ESE-memoriale-152.jpg","contentUrl":"https:\/\/www.memorialeshoah.it\/webapp\/wp-content\/uploads\/2022\/05\/ESE-memoriale-152.jpg","width":152,"height":152,"caption":"Memoriale della Shoah di Milano"},"image":{"@id":"https:\/\/www.memorialeshoah.it\/webapp\/#\/schema\/logo\/image\/"}},{"@type":"WebSite","@id":"https:\/\/www.memorialeshoah.it\/webapp\/#website","url":"https:\/\/www.memorialeshoah.it\/webapp\/","name":"Webapp | Memoriale della Shoah di Milano","description":"","publisher":{"@id":"https:\/\/www.memorialeshoah.it\/webapp\/#organization"},"potentialAction":[{"@type":"SearchAction","target":{"@type":"EntryPoint","urlTemplate":"https:\/\/www.memorialeshoah.it\/webapp\/?s={search_term_string}"},"query-input":"required name=search_term_string"}],"inLanguage":"it-IT"},{"@type":"ImageObject","inLanguage":"it-IT","@id":"https:\/\/www.memorialeshoah.it\/webapp\/es\/itala-lattes\/#primaryimage","url":"https:\/\/www.memorialeshoah.it\/webapp\/wp-content\/uploads\/2023\/03\/storie2.jpg","contentUrl":"https:\/\/www.memorialeshoah.it\/webapp\/wp-content\/uploads\/2023\/03\/storie2.jpg","width":353,"height":246},{"@type":"WebPage","@id":"https:\/\/www.memorialeshoah.it\/webapp\/es\/itala-lattes\/#webpage","url":"https:\/\/www.memorialeshoah.it\/webapp\/es\/itala-lattes\/","name":"Itala Lattes - Webapp | Memoriale della Shoah di Milano","isPartOf":{"@id":"https:\/\/www.memorialeshoah.it\/webapp\/#website"},"primaryImageOfPage":{"@id":"https:\/\/www.memorialeshoah.it\/webapp\/es\/itala-lattes\/#primaryimage"},"datePublished":"2023-04-25T10:22:54+00:00","dateModified":"2023-04-25T10:22:54+00:00","breadcrumb":{"@id":"https:\/\/www.memorialeshoah.it\/webapp\/es\/itala-lattes\/#breadcrumb"},"inLanguage":"it-IT","potentialAction":[{"@type":"ReadAction","target":["https:\/\/www.memorialeshoah.it\/webapp\/es\/itala-lattes\/"]}]},{"@type":"BreadcrumbList","@id":"https:\/\/www.memorialeshoah.it\/webapp\/es\/itala-lattes\/#breadcrumb","itemListElement":[{"@type":"ListItem","position":1,"name":"Home","item":"https:\/\/www.memorialeshoah.it\/webapp\/home\/"},{"@type":"ListItem","position":2,"name":"Itala Lattes"}]},{"@type":"Article","@id":"https:\/\/www.memorialeshoah.it\/webapp\/es\/itala-lattes\/#article","isPartOf":{"@id":"https:\/\/www.memorialeshoah.it\/webapp\/es\/itala-lattes\/#webpage"},"author":{"@id":"https:\/\/www.memorialeshoah.it\/webapp\/#\/schema\/person\/bf6524da22a067c67831e68f0ed60f57"},"headline":"Itala Lattes","datePublished":"2023-04-25T10:22:54+00:00","dateModified":"2023-04-25T10:22:54+00:00","mainEntityOfPage":{"@id":"https:\/\/www.memorialeshoah.it\/webapp\/es\/itala-lattes\/#webpage"},"wordCount":172,"publisher":{"@id":"https:\/\/www.memorialeshoah.it\/webapp\/#organization"},"image":{"@id":"https:\/\/www.memorialeshoah.it\/webapp\/es\/itala-lattes\/#primaryimage"},"thumbnailUrl":"https:\/\/www.memorialeshoah.it\/webapp\/wp-content\/uploads\/2023\/03\/storie2.jpg","articleSection":["Storie audio"],"inLanguage":"it-IT"},{"@type":"Person","@id":"https:\/\/www.memorialeshoah.it\/webapp\/#\/schema\/person\/bf6524da22a067c67831e68f0ed60f57","name":"admShoah","image":{"@type":"ImageObject","inLanguage":"it-IT","@id":"https:\/\/www.memorialeshoah.it\/webapp\/#\/schema\/person\/image\/","url":"https:\/\/secure.gravatar.com\/avatar\/fbd516dcd7e6b55526cb2c0a295492ee?s=96&d=mm&r=g","contentUrl":"https:\/\/secure.gravatar.com\/avatar\/fbd516dcd7e6b55526cb2c0a295492ee?s=96&d=mm&r=g","caption":"admShoah"},"sameAs":["https:\/\/www.memorialeshoah.it\/webapp"],"url":"https:\/\/www.memorialeshoah.it\/webapp\/author\/admshoah\/"}]}},"_links":{"self":[{"href":"https:\/\/www.memorialeshoah.it\/webapp\/wp-json\/wp\/v2\/posts\/1218"}],"collection":[{"href":"https:\/\/www.memorialeshoah.it\/webapp\/wp-json\/wp\/v2\/posts"}],"about":[{"href":"https:\/\/www.memorialeshoah.it\/webapp\/wp-json\/wp\/v2\/types\/post"}],"author":[{"embeddable":true,"href":"https:\/\/www.memorialeshoah.it\/webapp\/wp-json\/wp\/v2\/users\/1"}],"replies":[{"embeddable":true,"href":"https:\/\/www.memorialeshoah.it\/webapp\/wp-json\/wp\/v2\/comments?post=1218"}],"version-history":[{"count":1,"href":"https:\/\/www.memorialeshoah.it\/webapp\/wp-json\/wp\/v2\/posts\/1218\/revisions"}],"predecessor-version":[{"id":1219,"href":"https:\/\/www.memorialeshoah.it\/webapp\/wp-json\/wp\/v2\/posts\/1218\/revisions\/1219"}],"wp:featuredmedia":[{"embeddable":true,"href":"https:\/\/www.memorialeshoah.it\/webapp\/wp-json\/wp\/v2\/media\/1092"}],"wp:attachment":[{"href":"https:\/\/www.memorialeshoah.it\/webapp\/wp-json\/wp\/v2\/media?parent=1218"}],"wp:term":[{"taxonomy":"category","embeddable":true,"href":"https:\/\/www.memorialeshoah.it\/webapp\/wp-json\/wp\/v2\/categories?post=1218"},{"taxonomy":"post_tag","embeddable":true,"href":"https:\/\/www.memorialeshoah.it\/webapp\/wp-json\/wp\/v2\/tags?post=1218"}],"curies":[{"name":"wp","href":"https:\/\/api.w.org\/{rel}","templated":true}]}}